{
    "title": "Inauguration du plus grand parc photovolta\u00efque flottant en autoconsommation d\u2019Europe",
    "modified_at": "2026-03-20 14:57:48",
    "published_at": "2026-03-20 15:30:00",
    "url": "https://holcim-be.prezly.com/inauguration-du-plus-grand-parc-photovoltaique-flottant-en-autoconsommation-deurope",
    "short_url": "http://prez.ly/gv9d",
    "culture": "fr",
    "language": "FR",
    "subtitle": "Ce vendredi 20 mars 2026, Holcim Belgique a inaugur\u00e9 \u00e0 Obourg une pi\u00e8ce essentielle de sa transition \u00e9nerg\u00e9tique : le plus grand parc photovolta\u00efque flottant en autoconsommation industrielle d'Europe, et l'un des plus vastes \u00e0 l'\u00e9chelle mondiale, qui allie cleantech et pr\u00e9servation de la biodiversit\u00e9.",
    "slug": "inauguration-du-plus-grand-parc-photovoltaique-flottant-en-autoconsommation-deurope",
    "body": "<p style=\"text-align: justify\">Holcim Belgique franchit une &eacute;tape historique de sa feuille de route de d&eacute;carbonation avec l&rsquo;inauguration officielle de son parc photovolta&iuml;que flottant sur le site d&rsquo;Obourg.</p><p style=\"text-align: justify\">D&eacute;velopp&eacute; en collaboration avec TotalEnergies dans le cadre de GO4ZERO, ce projet pionnier est bien plus qu&#039;une prouesse technique : il constitue le premier pilier &eacute;nerg&eacute;tique de notre future usine de pointe. <strong>L&#039;&eacute;lectricit&eacute; produite par ces panneaux sera directement consomm&eacute;e par la nouvelle cimenterie GO4ZERO</strong>.</p><p style=\"text-align: justify\">En alimentant nos installations avec cette &eacute;nergie &ldquo;verte&rdquo; produite sur place, nous franchissons un pas d&eacute;cisif vers la production d&#039;un ciment d&eacute;carbon&eacute; et contribuer &agrave; l&rsquo;acc&eacute;l&eacute;ration de la transition &eacute;cologique du secteur de la construction.</p><div id=\"video-0b3d2933-3b9c-4c53-a937-9959735f01fa\" class=\"release-content-video release-content-video--embed release-content-video--contained\">\n    <div><div style=\"left: 0; width: 100%; height: 0; position: relative; padding-bottom: 56.25%;\"><iframe data-iframely-url=\"https://cdn.iframe.ly/api/iframe?url=https%3A%2F%2Fcdn.uc.assets.prezly.com%2F087860e7-0ffb-458e-bda9-d0a4cca33823%2FHolcim_Panneaux_Solaires_V4.mp4%23_cb1774016934&key=8fe6cdec03482ac31f27a6ae8ea2fb3f\" style=\"top: 0; left: 0; width: 100%; height: 100%; position: absolute; border: 0;\" allowfullscreen allow=\"encrypted-media *;\"></iframe></div></div><script async src=\"https://cdn.iframe.ly/embed.js\" charset=\"utf-8\"></script>\n</div><h4 id=\"une-synergie-exemplaire-entre-industrie-et-nature\" style=\"text-align: justify\"><strong>Une synergie exemplaire entre industrie et nature</strong></h4><p style=\"text-align: justify\">Install&eacute; sur un ancien lac qui s&rsquo;est form&eacute; &agrave; la suite de l&rsquo;extraction de craie pour les besoins de l&rsquo;usine actuelle, ce parc photovolta&iuml;que se distingue par une int&eacute;gration paysag&egrave;re et &eacute;cologique exceptionnelle. Loin des mod&egrave;les industriels classiques, la pr&eacute;servation des &eacute;cosyst&egrave;mes a dict&eacute; le rythme du projet : le calendrier de r&eacute;alisation a &eacute;t&eacute; volontairement &eacute;tendu de deux ans pour respecter les cycles de la faune et de la flore locales. Il en est de m&ecirc;me pour les techniques utilis&eacute;es avec le d&eacute;veloppement de syst&egrave;mes d&rsquo;ancrages des panneaux qui n&rsquo; impactent pas les berges, prot&eacute;geant ainsi les abords du lac, ou encore le choix de l&rsquo;emplacement des panneaux pour int&eacute;grer les &eacute;l&eacute;ments de biodiversit&eacute; propres au lac.</p><h4 id=\"linnovation-au-service-de-la-discretion-et-de-leducation\" style=\"text-align: justify\"><strong>L&rsquo;innovation au service de la discr&eacute;tion et de l&#039;&eacute;ducation</strong></h4><p style=\"text-align: justify\">Pour prot&eacute;ger l&#039;esth&eacute;tique du site, Holcim a mis&eacute; sur l&rsquo;effacement technologique : tout le raccordement &eacute;lectrique est souterrain et donc invisible.</p><p style=\"text-align: justify\">Plus qu&rsquo;une unit&eacute; de production d&rsquo;&eacute;nergie, le site renforce sa mission p&eacute;dagogique. En partenariat avec l&rsquo;ASBL <strong>Maison des Sciences de la Vie et de la Terre (MSVT)</strong>, le parc demeure un espace ouvert aux riverains et aux &eacute;coles, transformant une zone industrielle pass&eacute;e en un laboratoire vivant d&eacute;di&eacute; &agrave; la sensibilisation &agrave; la biodiversit&eacute;.</p><h4 id=\"une-prouesse-technique-au-service-du-climat\" style=\"text-align: justify\"><strong>Une prouesse technique au service du climat </strong></h4><p style=\"text-align: justify\">L&#039;installation impressionne par ses dimensions et ses sp&eacute;cificit&eacute;s techniques :</p><ul class=\"release-content-list release-content-list--bulleted release-content-list--align-inherit\"><li><span><strong>Capacit&eacute; record </strong>: 55 136 panneaux photovolta&iuml;ques d&eacute;ploy&eacute;s sur une surface de 16,8 hectares.</span></li><li><span><strong>Puissance </strong>: une puissance nominale de 31,51 MWc (DC) et 22,5 MVA (AC) gr&acirc;ce &agrave; 64 onduleurs de pointe.</span></li><li><span><strong>Infrastructure lacustre </strong>: 128 ancres stabilisent l&rsquo;&icirc;le flottante tandis que 8 cabines de transformation assurent la conversion de basse &agrave; moyenne tension (6 600 V) directement sur l&#039;eau.</span></li><li><span><strong>Connexion strat&eacute;gique</strong> : deux cabines &eacute;lectriques (c&ocirc;t&eacute; lac et c&ocirc;t&eacute; usine) sont reli&eacute;es par 750 m&egrave;tres de c&acirc;bles passant sous le canal et autres infrastructures publiques pour alimenter nos installations.</span></li></ul><blockquote style=\"text-align: justify\"><em>&laquo; Ce parc n&#039;est pas seulement une source d&#039;&eacute;nergie, c&#039;est le symbole de notre capacit&eacute; de moteur humain et technologique au service de la plan&egrave;te &raquo;</em>, d&eacute;clare <strong>Vincent Michel</strong>, Directeur du programme GO4ZERO.</blockquote><p style=\"text-align: justify\">En combinant innovation de pointe et respect d&#039;un environnement naturel r&eacute;habilit&eacute;, Holcim Belgique d&eacute;montre qu&#039;une industrie lourde peut &ecirc;tre le fer de lance de la transition &eacute;cologique en Europe. </p><p style=\"text-align: justify\">L&#039;inauguration s&rsquo;est d&eacute;roul&eacute;e en pr&eacute;sence de <strong>C&eacute;cile Neven</strong>, Ministre wallonne de l&rsquo;&Eacute;nergie, du Plan Air-Climat, du Logement et des A&eacute;roports, soulignant l&rsquo;importance du soutien public dans le red&eacute;ploiement industriel durable du territoire.</p><div\n    id='gallery-4edf1b2a-d0a7-44fb-bf30-45fc218c350d'\n    class='release-content-gallery release-content-gallery--layout-contained'\n    data-component='chromatic-gallery,image-zoom-popup'\n    data-chromatic-gallery-padding='S'\n    data-chromatic-gallery-thumbnail-size='M'\n    data-chromatic-gallery-captions='data:application/json,true'\n    data-chromatic-gallery-photos='data:application/json;base64,W3siaWQiOiJjMTc1ZTdhMy0zZGZlLTRlOTktYTRkZS1mZmUzODY0NWJhY2UiLCJzcmMiOiJodHRwczpcL1wvY2RuLnVjLmFzc2V0cy5wcmV6bHkuY29tXC9jMTc1ZTdhMy0zZGZlLTRlOTktYTRkZS1mZmUzODY0NWJhY2VcLy1cL3ByZXZpZXdcLzExMDh4MTEwOFwvLVwvZm9ybWF0XC9hdXRvXC8iLCJhc3BlY3RfcmF0aW8iOjEuNTAwMjE0MzE2MzMwOTA0NSwiY2FwdGlvbiI6bnVsbCwiYXR0cmlidXRlcyI6eyJpZCI6ImdhbGxlcnktaW1hZ2UtYzE3NWU3YTMtM2RmZS00ZTk5LWE0ZGUtZmZlMzg2NDViYWNlIiwiZGF0YS1pZCI6ImMxNzVlN2EzLTNkZmUtNGU5OS1hNGRlLWZmZTM4NjQ1YmFjZSIsImRhdGEtbWZwLXNyYyI6Imh0dHBzOlwvXC9jZG4udWMuYXNzZXRzLnByZXpseS5jb21cL2MxNzVlN2EzLTNkZmUtNGU5OS1hNGRlLWZmZTM4NjQ1YmFjZVwvLVwvcHJldmlld1wvMTIwMHgxMjAwXC8tXC9mb3JtYXRcL2F1dG9cLyIsImRhdGEtZGVzY3JpcHRpb24iOm51bGwsImRhdGEtb3JpZ2luYWwiOiJodHRwczpcL1wvY2RuLnVjLmFzc2V0cy5wcmV6bHkuY29tXC9jMTc1ZTdhMy0zZGZlLTRlOTktYTRkZS1mZmUzODY0NWJhY2VcLy1cL2lubGluZVwvbm9cLzAwMzItYWxvaGFmcmVkJTI4SEQlMjktNzU0QTQ1NDguanBnIn19LHsiaWQiOiIwZjdmZmVjNC02NzdlLTRiYjAtYTJmMS1mMzYwZjEzMmZmOTEiLCJzcmMiOiJodHRwczpcL1wvY2RuLnVjLmFzc2V0cy5wcmV6bHkuY29tXC8wZjdmZmVjNC02NzdlLTRiYjAtYTJmMS1mMzYwZjEzMmZmOTFcLy1cL3ByZXZpZXdcLzExMDh4MTEwOFwvLVwvZm9ybWF0XC9hdXRvXC8iLCJhc3BlY3RfcmF0aW8iOjMuMzc4Mzc4Mzc4Mzc4Mzc4NSwiY2FwdGlvbiI6bnVsbCwiYXR0cmlidXRlcyI6eyJpZCI6ImdhbGxlcnktaW1hZ2UtMGY3ZmZlYzQtNjc3ZS00YmIwLWEyZjEtZjM2MGYxMzJmZjkxIiwiZGF0YS1pZCI6IjBmN2ZmZWM0LTY3N2UtNGJiMC1hMmYxLWYzNjBmMTMyZmY5MSIsImRhdGEtbWZwLXNyYyI6Imh0dHBzOlwvXC9jZG4udWMuYXNzZXRzLnByZXpseS5jb21cLzBmN2ZmZWM0LTY3N2UtNGJiMC1hMmYxLWYzNjBmMTMyZmY5MVwvLVwvcHJldmlld1wvMTIwMHgxMjAwXC8tXC9mb3JtYXRcL2F1dG9cLyIsImRhdGEtZGVzY3JpcHRpb24iOm51bGwsImRhdGEtb3JpZ2luYWwiOiJodHRwczpcL1wvY2RuLnVjLmFzc2V0cy5wcmV6bHkuY29tXC8wZjdmZmVjNC02NzdlLTRiYjAtYTJmMS1mMzYwZjEzMmZmOTFcLy1cL2lubGluZVwvbm9cLzAwNDEtYWxvaGFmcmVkJTI4SEQlMjktNzU0QTQ4NTQtUGFuby5qcGcifX0seyJpZCI6IjlhNDIxOWZmLTA4OGEtNDE2Yi05OWJkLWJjN2Y4NjZlM2IyNSIsInNyYyI6Imh0dHBzOlwvXC9jZG4udWMuYXNzZXRzLnByZXpseS5jb21cLzlhNDIxOWZmLTA4OGEtNDE2Yi05OWJkLWJjN2Y4NjZlM2IyNVwvLVwvcHJldmlld1wvMTEwOHgxMTA4XC8tXC9mb3JtYXRcL2F1dG9cLyIsImFzcGVjdF9yYXRpbyI6MS41MDAyMTQzMTYzMzA5MDQ1LCJjYXB0aW9uIjpudWxsLCJhdHRyaWJ1dGVzIjp7ImlkIjoiZ2FsbGVyeS1pbWFnZS05YTQyMTlmZi0wODhhLTQxNmItOTliZC1iYzdmODY2ZTNiMjUiLCJkYXRhLWlkIjoiOWE0MjE5ZmYtMDg4YS00MTZiLTk5YmQtYmM3Zjg2NmUzYjI1IiwiZGF0YS1tZnAtc3JjIjoiaHR0cHM6XC9cL2Nkbi51Yy5hc3NldHMucHJlemx5LmNvbVwvOWE0MjE5ZmYtMDg4YS00MTZiLTk5YmQtYmM3Zjg2NmUzYjI1XC8tXC9wcmV2aWV3XC8xMjAweDEyMDBcLy1cL2Zvcm1hdFwvYXV0b1wvIiwiZGF0YS1kZXNjcmlwdGlvbiI6bnVsbCwiZGF0YS1vcmlnaW5hbCI6Imh0dHBzOlwvXC9jZG4udWMuYXNzZXRzLnByZXpseS5jb21cLzlhNDIxOWZmLTA4OGEtNDE2Yi05OWJkLWJjN2Y4NjZlM2IyNVwvLVwvaW5saW5lXC9ub1wvMDAxNi1hbG9oYWZyZWQlMjhIRCUyOS03NTRBNDQwNS5qcGcifX0seyJpZCI6ImNiNDQ1ODgyLTcxYTEtNGQ1OC05NGIxLTI3NWYyMmMwNmZiNSIsInNyYyI6Imh0dHBzOlwvXC9jZG4udWMuYXNzZXRzLnByZXpseS5jb21cL2NiNDQ1ODgyLTcxYTEtNGQ1OC05NGIxLTI3NWYyMmMwNmZiNVwvLVwvcHJldmlld1wvMTEwOHgxMTA4XC8tXC9mb3JtYXRcL2F1dG9cLyIsImFzcGVjdF9yYXRpbyI6MS41MDAyMTQzMTYzMzA5MDQ1LCJjYXB0aW9uIjpudWxsLCJhdHRyaWJ1dGVzIjp7ImlkIjoiZ2FsbGVyeS1pbWFnZS1jYjQ0NTg4Mi03MWExLTRkNTgtOTRiMS0yNzVmMjJjMDZmYjUiLCJkYXRhLWlkIjoiY2I0NDU4ODItNzFhMS00ZDU4LTk0YjEtMjc1ZjIyYzA2ZmI1IiwiZGF0YS1tZnAtc3JjIjoiaHR0cHM6XC9cL2Nkbi51Yy5hc3NldHMucHJlemx5LmNvbVwvY2I0NDU4ODItNzFhMS00ZDU4LTk0YjEtMjc1ZjIyYzA2ZmI1XC8tXC9wcmV2aWV3XC8xMjAweDEyMDBcLy1cL2Zvcm1hdFwvYXV0b1wvIiwiZGF0YS1kZXNjcmlwdGlvbiI6bnVsbCwiZGF0YS1vcmlnaW5hbCI6Imh0dHBzOlwvXC9jZG4udWMuYXNzZXRzLnByZXpseS5jb21cL2NiNDQ1ODgyLTcxYTEtNGQ1OC05NGIxLTI3NWYyMmMwNmZiNVwvLVwvaW5saW5lXC9ub1wvMDAyMy1hbG9oYWZyZWQlMjhIRCUyOS03NTRBNDQ2NS5qcGcifX1d'\n    data-chromatic-gallery-force-full-width='data:application/json,true'\n    data-chromatic-gallery-expand-icon='data:text/plain;base64,PHN2ZyBjbGFzcz0iaWNvbiBpY29uLWV4cGFuZCI+CiAgICAgICAgICAgICAgICA8dXNlIHhsaW5rOmhyZWY9IiNpY29uLWV4cGFuZCI+PC91c2U+CiAgICAgICAgICAgIDwvc3ZnPg=='\n    data-image-zoom-popup-selector='.chromatic-gallery__photo'\n    data-image-zoom-popup-i18n='data:application/json;base64,eyJEb3dubG9hZCI6IkRvd25sb2FkIn0='\n    data-image-zoom-popup-tracking-view-event='Story Image View'\n    data-image-zoom-popup-tracking-download-event='Story Image Download'\n    data-image-zoom-popup-placement='content'\n></div><div class=\"release-content-contact\" id=\"contact-4148ba25-9ec7-43ca-ad98-19f780132e33\">\n    \n    <div class=\"release-content-contact__details\">\n        <strong class=\"release-content-contact__name\">Stany Vaes</strong>\n        <em class=\"release-content-contact__description\">Director Sustainability &amp; Corporate Affairs, Holcim</em>\n        <ul class=\"release-content-contact__details-list\"><li class=\"release-content-contact__details-list-item\"><a href=\"mailto:stany.vaes@holcim.com\"  class=\"release-content-contact__details-list-item-link\" title=\"stany.vaes@holcim.com\"><svg class=\"icon icon-paper-plane release-content-contact__details-list-item-icon\">\n                <use xlink:href=\"#icon-paper-plane\"></use>\n            </svg>stany.vaes@holcim.com</a></li>\n<li class=\"release-content-contact__details-list-item\"><a href=\"tel:0478/48.29.21\"  class=\"release-content-contact__details-list-item-link\" title=\"0478/48.29.21\"><svg class=\"icon icon-mobile release-content-contact__details-list-item-icon\">\n                <use xlink:href=\"#icon-mobile\"></use>\n            </svg>0478/48.29.21</a></li></ul>\n    </div>\n</div>",
    "videos": [
        {
            "caption": "cdn.uc.assets.prezly.com/087860e7-0ffb-458e-bda9-d0a4cca33823/Holcim_Panneaux_Solaires_V4.mp4",
            "thumbnail": "https://cdn.uc.assets.prezly.com/abaca9db-b853-4239-99ef-d7728add78d9/",
            "url": "https://cdn.uc.assets.prezly.com/087860e7-0ffb-458e-bda9-d0a4cca33823/Holcim_Panneaux_Solaires_V4.mp4",
            "embed": "<div><div style=\"left: 0; width: 100%; height: 0; position: relative; padding-bottom: 56.25%;\"><iframe data-iframely-url=\"https://cdn.iframe.ly/api/iframe?url=https%3A%2F%2Fcdn.uc.assets.prezly.com%2F087860e7-0ffb-458e-bda9-d0a4cca33823%2FHolcim_Panneaux_Solaires_V4.mp4%23_cb1774016934&key=8fe6cdec03482ac31f27a6ae8ea2fb3f\" style=\"top: 0; left: 0; width: 100%; height: 100%; position: absolute; border: 0;\" allowfullscreen allow=\"encrypted-media *;\"></iframe></div></div><script async src=\"https://cdn.iframe.ly/embed.js\" charset=\"utf-8\"></script>"
        }
    ],
    "images": [
        {
            "caption": "",
            "original": "https://cdn.uc.assets.prezly.com/c175e7a3-3dfe-4e99-a4de-ffe38645bace/",
            "medium": "https://cdn.uc.assets.prezly.com/c175e7a3-3dfe-4e99-a4de-ffe38645bace/-/preview/500x500/-/format/auto/",
            "small": "https://cdn.uc.assets.prezly.com/c175e7a3-3dfe-4e99-a4de-ffe38645bace/-/preview/200x200/-/format/auto/",
            "thumbnail": "https://cdn.uc.assets.prezly.com/c175e7a3-3dfe-4e99-a4de-ffe38645bace/-/preview/100x100/-/format/auto/",
            "square": "https://cdn.uc.assets.prezly.com/c175e7a3-3dfe-4e99-a4de-ffe38645bace/-/scale_crop/200x200/center/-/format/auto/",
            "squaresmall": "https://cdn.uc.assets.prezly.com/c175e7a3-3dfe-4e99-a4de-ffe38645bace/-/scale_crop/58x58/center/-/format/auto/"
        },
        {
            "caption": "",
            "original": "https://cdn.uc.assets.prezly.com/0f7ffec4-677e-4bb0-a2f1-f360f132ff91/",
            "medium": "https://cdn.uc.assets.prezly.com/0f7ffec4-677e-4bb0-a2f1-f360f132ff91/-/preview/500x500/-/format/auto/",
            "small": "https://cdn.uc.assets.prezly.com/0f7ffec4-677e-4bb0-a2f1-f360f132ff91/-/preview/200x200/-/format/auto/",
            "thumbnail": "https://cdn.uc.assets.prezly.com/0f7ffec4-677e-4bb0-a2f1-f360f132ff91/-/preview/100x100/-/format/auto/",
            "square": "https://cdn.uc.assets.prezly.com/0f7ffec4-677e-4bb0-a2f1-f360f132ff91/-/scale_crop/200x200/center/-/format/auto/",
            "squaresmall": "https://cdn.uc.assets.prezly.com/0f7ffec4-677e-4bb0-a2f1-f360f132ff91/-/scale_crop/58x58/center/-/format/auto/"
        },
        {
            "caption": "",
            "original": "https://cdn.uc.assets.prezly.com/9a4219ff-088a-416b-99bd-bc7f866e3b25/",
            "medium": "https://cdn.uc.assets.prezly.com/9a4219ff-088a-416b-99bd-bc7f866e3b25/-/preview/500x500/-/format/auto/",
            "small": "https://cdn.uc.assets.prezly.com/9a4219ff-088a-416b-99bd-bc7f866e3b25/-/preview/200x200/-/format/auto/",
            "thumbnail": "https://cdn.uc.assets.prezly.com/9a4219ff-088a-416b-99bd-bc7f866e3b25/-/preview/100x100/-/format/auto/",
            "square": "https://cdn.uc.assets.prezly.com/9a4219ff-088a-416b-99bd-bc7f866e3b25/-/scale_crop/200x200/center/-/format/auto/",
            "squaresmall": "https://cdn.uc.assets.prezly.com/9a4219ff-088a-416b-99bd-bc7f866e3b25/-/scale_crop/58x58/center/-/format/auto/"
        },
        {
            "caption": "",
            "original": "https://cdn.uc.assets.prezly.com/cb445882-71a1-4d58-94b1-275f22c06fb5/",
            "medium": "https://cdn.uc.assets.prezly.com/cb445882-71a1-4d58-94b1-275f22c06fb5/-/preview/500x500/-/format/auto/",
            "small": "https://cdn.uc.assets.prezly.com/cb445882-71a1-4d58-94b1-275f22c06fb5/-/preview/200x200/-/format/auto/",
            "thumbnail": "https://cdn.uc.assets.prezly.com/cb445882-71a1-4d58-94b1-275f22c06fb5/-/preview/100x100/-/format/auto/",
            "square": "https://cdn.uc.assets.prezly.com/cb445882-71a1-4d58-94b1-275f22c06fb5/-/scale_crop/200x200/center/-/format/auto/",
            "squaresmall": "https://cdn.uc.assets.prezly.com/cb445882-71a1-4d58-94b1-275f22c06fb5/-/scale_crop/58x58/center/-/format/auto/"
        }
    ],
    "contacts": [
        {
            "name": "Stany Vaes",
            "company": "Holcim",
            "description": "Director Sustainability & Corporate Affairs",
            "email": "stany.vaes@holcim.com",
            "website": null,
            "address": null,
            "telephone": null,
            "mobile": "0478/48.29.21",
            "twitter": null,
            "facebook": null
        }
    ],
    "author": {
        "first_name": "Lo\u00efc",
        "last_name": "Sandron"
    },
    "format_version": 5
}