{
    "title": "Holcim Belgique renforce son r\u00e9seau local gr\u00e2ce \u00e0 l'acquisition des activit\u00e9s b\u00e9ton de Jacobs Beton",
    "modified_at": "2026-03-30 14:15:02",
    "published_at": "2026-03-30 14:15:00",
    "url": "https://holcim-be.prezly.com/holcim-belgique-renforce-son-reseau-local-grace-a-lacquisition-des-activites-beton-de-jacobs-beton",
    "short_url": "http://prez.ly/qN9d",
    "culture": "fr",
    "language": "FR",
    "slug": "holcim-belgique-renforce-son-reseau-local-grace-a-lacquisition-des-activites-beton-de-jacobs-beton",
    "body": "<ul class=\"release-content-list release-content-list--bulleted release-content-list--align-inherit\"><li><span>Cette acquisition porte sur les activit&eacute;s li&eacute;es au b&eacute;ton ainsi que sur deux centrales &agrave; b&eacute;ton pr&ecirc;t &agrave; l&#039;emploi strat&eacute;giquement situ&eacute;es &agrave; Hemiksem et &agrave; Sint-Katelijne-Waver.</span></li><li><span>Cette acquisition constitue un &eacute;largissement &agrave; valeur ajout&eacute;e et compl&eacute;mentaire du r&eacute;seau Holcim existant en Belgique.</span></li><li><span>Cette op&eacute;ration s&#039;appuie sur les performances historiques de Holcim et permettra d&#039;acc&eacute;l&eacute;rer la croissance dans des segments cl&eacute;s, en parfaite ad&eacute;quation avec sa strat&eacute;gie &laquo; NextGen Growth 2030 &raquo;.</span></li></ul><p style=\"text-align: justify\"><strong>Holcim Belgique annonce aujourd&rsquo;hui avoir rachet&eacute; les activit&eacute;s b&eacute;ton de Jacobs NV (sous la marque commerciale Jacobs Beton). Cette acquisition porte sur deux centrales &agrave; b&eacute;ton pr&ecirc;t &agrave; l&rsquo;emploi performantes. Gr&acirc;ce &agrave; cette d&eacute;cision strat&eacute;gique, Holcim &eacute;tend consid&eacute;rablement sa pr&eacute;sence locale et renforce sa capacit&eacute; &agrave; fournir plus rapidement et plus efficacement des solutions de construction innovantes &agrave; ses clients de la r&eacute;gion. </strong></p><p style=\"text-align: justify\">Les deux centrales &agrave; b&eacute;ton de Jacobs Beton constituent un compl&eacute;ment extr&ecirc;mement utile et logique au r&eacute;seau existant de Holcim en Belgique. Gr&acirc;ce &agrave; cette int&eacute;gration, Holcim optimise sa cha&icirc;ne logistique et sa couverture g&eacute;ographique. Cela permet &agrave; l&#039;entreprise d&#039;&ecirc;tre encore plus proche de ses clients, de raccourcir les d&eacute;lais de livraison et de r&eacute;duire les &eacute;missions li&eacute;es au transport.</p><blockquote style=\"text-align: justify\"><strong>Claudia Albertini, CEO de Holcim Belgique</strong> : &laquo; <em>Nous sommes ravis d&#039;accueillir les collaborateurs de Jacobs Beton au sein de la famille Holcim. L&#039;acquisition de ces deux centrales &agrave; b&eacute;ton vient parfaitement compl&eacute;ter notre r&eacute;seau existant de b&eacute;ton pr&ecirc;t &agrave; l&#039;emploi. </em>&raquo;</blockquote><blockquote style=\"text-align: justify\"><strong>Michael Didden, Directeur de la Division B&eacute;ton d&#039;Holcim Belgique</strong> : &laquo; <em>Cette acquisition nous permet de mieux servir nos partenaires et clients locaux gr&acirc;ce &agrave; notre gamme de produits, notamment notre b&eacute;ton &agrave; faible empreinte carbone ECOPact. Nous acqu&eacute;rons en outre une expertise consid&eacute;rable en mati&egrave;re de recyclage des mat&eacute;riaux de construction et de d&eacute;molition. Cette &eacute;tape renforce non seulement notre capacit&eacute; op&eacute;rationnelle, mais soutient &eacute;galement notre ambition de mener la transition vers une construction durable et circulaire en Belgique.</em> &raquo;</blockquote><h4 id=\"deux-sites-de-production-strategiques\" style=\"text-align: justify\">Deux sites de production strat&eacute;giques</h4><p style=\"text-align: justify\">Les deux sites de production rachet&eacute;s, tous deux certifi&eacute;s BENOR, offrent chacun des avantages strat&eacute;giques uniques pour le d&eacute;veloppement durable et l&#039;efficacit&eacute; de la cha&icirc;ne logistique de Holcim :</p><ul class=\"release-content-list release-content-list--bulleted release-content-list--align-inherit\"><li><span><strong>Centrale &agrave; b&eacute;ton de Hemiksem</strong> &ndash; Ce site b&eacute;n&eacute;ficie d&#039;un emplacement strat&eacute;gique le long de l&#039;Escaut. Cela permet &agrave; Holcim d&#039;acheminer directement par bateau les mati&egrave;res premi&egrave;res n&eacute;cessaires &agrave; la production de b&eacute;ton. Cette logistique fluviale r&eacute;duit consid&eacute;rablement le transport routier et contribue directement &agrave; la r&eacute;duction des &eacute;missions de CO\u2082 au sein de la cha&icirc;ne d&#039;approvisionnement (&eacute;missions de scope 3).</span></li><li><span><strong>Centrale &agrave; b&eacute;ton de Sint-Katelijne-Waver</strong> &ndash; Ce site constitue un n&oelig;ud logistique essentiel sur l&#039;axe central reliant Anvers &agrave; Bruxelles. Il dispose de son propre laboratoire pour effectuer des contr&ocirc;les de qualit&eacute; internes rigoureux et met fortement l&#039;accent sur l&#039;utilisation de mat&eacute;riaux recycl&eacute;s dans des applications en b&eacute;ton de haute qualit&eacute;.</span></li></ul><h4 id=\"un-reseau-robuste-et-etendu\" style=\"text-align: justify\">Un r&eacute;seau robuste et &eacute;tendu</h4><p style=\"text-align: justify\">Cette acquisition permet d&#039;optimiser encore davantage la couverture de Holcim Belgique. Les nouveaux sites d&#039;Hemiksem et de Sint-Katelijne-Waver viennent compl&eacute;ter de mani&egrave;re homog&egrave;ne le vaste r&eacute;seau existant de centrales &agrave; b&eacute;ton pr&ecirc;t &agrave; l&#039;emploi de Holcim dans le pays. Ce r&eacute;seau comprenait d&eacute;j&agrave; les sites suivants :</p><ul class=\"release-content-list release-content-list--bulleted release-content-list--align-inherit\"><li><span>Aarschot</span></li><li><span>Mons</span></li><li><span>Bruxelles</span></li><li><span>Dampremy</span></li><li><span>Gembloux</span></li><li><span>Merksem</span></li><li><span>Overijse</span></li><li><span>Saint-Trond</span></li></ul><p style=\"text-align: justify\">Les deux nouvelles centrales &agrave; b&eacute;ton compl&egrave;tent l&#039;axe reliant Bruxelles &agrave; Anvers et permettent &agrave; Holcim d&#039;approvisionner les chantiers de cette r&eacute;gion en b&eacute;ton pr&ecirc;t &agrave; l&#039;emploi, afin de mieux servir ses clients. </p><p style=\"text-align: justify\">Bien entendu, des synergies seront &eacute;galement d&eacute;velopp&eacute;es avec les autres divisions de l&#039;entreprise, notamment les activit&eacute;s li&eacute;es aux granulats et au ciment.</p><h4 id=\"sinscrire-dans-le-cadre-dune-strategie-de-croissance-ambitieuse\" style=\"text-align: justify\">S&#039;inscrire dans le cadre d&#039;une strat&eacute;gie de croissance ambitieuse</h4><p style=\"text-align: justify\">Cette acquisition s&#039;inscrit parfaitement dans la strat&eacute;gie &laquo; NextGen Growth 2030 &raquo; du groupe Holcim. L&#039;un des piliers fondamentaux de cette strat&eacute;gie consiste &agrave; acc&eacute;l&eacute;rer une croissance rentable gr&acirc;ce &agrave; des acquisitions cibl&eacute;es cr&eacute;atrices de valeur, afin de tirer parti de ses r&eacute;sultats pr&eacute;c&eacute;dents et de d&eacute;velopper et acc&eacute;l&eacute;rer sa croissance dans des segments cl&eacute;s. En densifiant son r&eacute;seau de centrales de b&eacute;ton pr&ecirc;t &agrave; l&#039;emploi, Holcim renforce l&#039;&eacute;volutivit&eacute; de ses solutions de construction circulaires et durables. Cela permet &eacute;galement &agrave; l&#039;organisation de r&eacute;pondre plus efficacement &agrave; la demande croissante de mat&eacute;riaux durables produits localement, qui sont essentiels &agrave; la d&eacute;carbonisation de l&#039;environnement b&acirc;ti.</p><p style=\"text-align: justify\">La transaction a &eacute;t&eacute; men&eacute;e &agrave; bien et l&#039;int&eacute;gration des deux centrales &agrave; b&eacute;ton, des collaborateurs (25 &eacute;quivalents temps plein) et des 15 camions dans la structure op&eacute;rationnelle de Holcim Belgique va d&eacute;buter imm&eacute;diatement.</p><div class=\"release-content-contact\" id=\"contact-648c041c-d7e8-4a95-afba-738252322079\">\n    \n    <div class=\"release-content-contact__details\">\n        <strong class=\"release-content-contact__name\">Stany Vaes</strong>\n        <em class=\"release-content-contact__description\">Director Sustainability &amp; Corporate Affairs, Holcim</em>\n        <ul class=\"release-content-contact__details-list\"><li class=\"release-content-contact__details-list-item\"><a href=\"mailto:stany.vaes@holcim.com\"  class=\"release-content-contact__details-list-item-link\" title=\"stany.vaes@holcim.com\"><svg class=\"icon icon-paper-plane release-content-contact__details-list-item-icon\">\n                <use xlink:href=\"#icon-paper-plane\"></use>\n            </svg>stany.vaes@holcim.com</a></li>\n<li class=\"release-content-contact__details-list-item\"><a href=\"tel:0478/48.29.21\"  class=\"release-content-contact__details-list-item-link\" title=\"0478/48.29.21\"><svg class=\"icon icon-mobile release-content-contact__details-list-item-icon\">\n                <use xlink:href=\"#icon-mobile\"></use>\n            </svg>0478/48.29.21</a></li></ul>\n    </div>\n</div><h4 id=\"a-propos-de-jacobs-beton\" >&Agrave; propos de Jacobs Beton</h4><p style=\"text-align: justify\">Fond&eacute;e en 1932, Jacobs Beton (<a href=\"https://www.jacobsbeton.be/\" target=\"_blank\" rel=\"noreferrer noopener\">www.jacobsbeton.be</a>) est une entreprise &eacute;tablie dans le secteur belge du b&eacute;ton, sp&eacute;cialis&eacute;e dans la production et la livraison de b&eacute;ton pr&ecirc;t &agrave; l&#039;emploi de qualit&eacute;. Avec deux centrales &agrave; b&eacute;ton en activit&eacute;, l&#039;entreprise s&#039;est forg&eacute; au fil des ans une r&eacute;putation locale solide en mati&egrave;re de fiabilit&eacute; et de service &agrave; la client&egrave;le.</p>",
    "contacts": [
        {
            "name": "Stany Vaes",
            "company": "Holcim",
            "description": "Director Sustainability & Corporate Affairs",
            "email": "stany.vaes@holcim.com",
            "website": null,
            "address": null,
            "telephone": null,
            "mobile": "0478/48.29.21",
            "twitter": null,
            "facebook": null
        }
    ],
    "author": {
        "first_name": "Lo\u00efc",
        "last_name": "Sandron"
    },
    "format_version": 5
}